{"id":987540464,"date":"2023-02-25T12:19:00","date_gmt":"2023-02-25T12:19:00","guid":{"rendered":"https:\/\/nuovosito.kinsta.cloud\/?p=987540464"},"modified":"2024-07-17T12:21:51","modified_gmt":"2024-07-17T12:21:51","slug":"noko-eurobike2022","status":"publish","type":"post","link":"https:\/\/nokobike.com\/de\/blog\/noko-eurobike2022\/","title":{"rendered":"NOKO @ Eurobike2022"},"content":{"rendered":"<p><strong>NOKO<\/strong> wird zum ersten Mal seine sportliche Urban E-Bike-Reihe auf der <strong>Eurobike 2022<\/strong> pr\u00e4sentieren, der internationalen Messe f\u00fcr Fahrr\u00e4der und E-Bikes, <strong>vom 13. bis 17. Juli in Frankfurt<\/strong>.<\/p>\n<p>W\u00e4hrend der Veranstaltung haben die Besucher die M\u00f6glichkeit, unsere Modelle im Demo-Bereich in <strong>Halle F12 Stand I32<\/strong> zu testen und die au\u00dfergew\u00f6hnlichen technischen Eigenschaften und die Made-in-Italy-Qualit\u00e4t der <strong>NOKO E-Bikes<\/strong> pers\u00f6nlich zu erleben.<\/p>\n<p>Lassen Sie sich vom sportlichen und zugleich eleganten Design der <a href=\"https:\/\/www.nokobike.com\/e-bikes\/nokoforza\/\" target=\"_blank\" rel=\"noopener\"><strong><u>NOKOFORZA<\/u><\/strong><\/a> \u00fcberraschen, probieren Sie den bequemen Tiefeinsteigerrahmen der <a href=\"https:\/\/www.nokobike.com\/e-bikes\/nokotempo\/\" target=\"_blank\" rel=\"noopener\"><strong><u>NOKOTEMPO<\/u><\/strong><\/a> aus oder wagen Sie sich ins Gel\u00e4nde mit der <a href=\"https:\/\/www.nokobike.com\/e-bikes\/nokovulcano\/\" target=\"_blank\" rel=\"noopener\"><strong><u>NOKOVULCANO<\/u><\/strong><\/a>, dem E-Gravel-Bike, das f\u00fcr Sie entwickelt wurde. <strong>NOKO hat ein Modell f\u00fcr jeden<\/strong>.<\/p>\n<p>Kommen Sie zu uns an <strong>Stand C10 \/ Halle 12<\/strong>, um die gesamte <strong>NOKO<\/strong>-Linie pers\u00f6nlich zu sehen und zu entdecken, einschlie\u00dflich einer Vorschau auf das kommende neue <strong>NOKO<\/strong>-Modell und limitierte Farben!<\/p>\n<p><img fetchpriority=\"high\" decoding=\"async\" class=\"alignnone size-large wp-image-987495666\" src=\"https:\/\/www.nokobike.com\/wp-content\/uploads\/2022\/07\/nokobike-eurobike2022-1024x721.webp\" alt=\"\" width=\"1024\" height=\"721\" \/><\/p>\n","protected":false},"excerpt":{"rendered":"<p>NOKO will present for the first time its sporty urban e-bike range at Eurobike 2022<\/p>\n","protected":false},"author":10,"featured_media":987495660,"comment_status":"closed","ping_status":"closed","sticky":false,"template":"","format":"standard","meta":{"footnotes":""},"categories":[92],"tags":[],"class_list":["post-987540464","post","type-post","status-publish","format-standard","has-post-thumbnail","hentry","category-blog"],"_links":{"self":[{"href":"https:\/\/nokobike.com\/de\/wp-json\/wp\/v2\/posts\/987540464","targetHints":{"allow":["GET"]}}],"collection":[{"href":"https:\/\/nokobike.com\/de\/wp-json\/wp\/v2\/posts"}],"about":[{"href":"https:\/\/nokobike.com\/de\/wp-json\/wp\/v2\/types\/post"}],"author":[{"embeddable":true,"href":"https:\/\/nokobike.com\/de\/wp-json\/wp\/v2\/users\/10"}],"replies":[{"embeddable":true,"href":"https:\/\/nokobike.com\/de\/wp-json\/wp\/v2\/comments?post=987540464"}],"version-history":[{"count":1,"href":"https:\/\/nokobike.com\/de\/wp-json\/wp\/v2\/posts\/987540464\/revisions"}],"predecessor-version":[{"id":987540465,"href":"https:\/\/nokobike.com\/de\/wp-json\/wp\/v2\/posts\/987540464\/revisions\/987540465"}],"wp:featuredmedia":[{"embeddable":true,"href":"https:\/\/nokobike.com\/de\/wp-json\/wp\/v2\/media\/987495660"}],"wp:attachment":[{"href":"https:\/\/nokobike.com\/de\/wp-json\/wp\/v2\/media?parent=987540464"}],"wp:term":[{"taxonomy":"category","embeddable":true,"href":"https:\/\/nokobike.com\/de\/wp-json\/wp\/v2\/categories?post=987540464"},{"taxonomy":"post_tag","embeddable":true,"href":"https:\/\/nokobike.com\/de\/wp-json\/wp\/v2\/tags?post=987540464"}],"curies":[{"name":"wp","href":"https:\/\/api.w.org\/{rel}","templated":true}]}}